{"id":1538,"date":"2018-03-01T16:40:43","date_gmt":"2018-03-01T15:40:43","guid":{"rendered":"http:\/\/assoplan9.com\/?p=1538"},"modified":"2020-01-27T09:29:57","modified_gmt":"2020-01-27T08:29:57","slug":"les-films","status":"publish","type":"post","link":"https:\/\/assoplan9.com\/?p=1538","title":{"rendered":"Les films : Et si le ciel \u00e9tait vert"},"content":{"rendered":"<p>La cr\u00e9ation \u00ab\u00a0Et si le ciel \u00e9tait vert\u00a0\u00bb se structure autour de 3 courts-m\u00e9trages d&rsquo;animation modernes. Ces oeuvres, riche sur le plan esth\u00e9tique et sc\u00e9naristique, sont mises en valeur par la musique et par le jeu des musiciens\/acteurs de ce cin\u00e9-spectacle. Les films ont \u00e9t\u00e9 s\u00e9lectionn\u00e9s par la programmatrice de Plan 9, Elen Bernard.<\/p>\n<p>&nbsp;<\/p>\n<h6 style=\"text-align: left;\"><strong>La chose perdue<\/strong><\/h6>\n<p><img loading=\"lazy\" decoding=\"async\" class=\"wp-image-1539 size-large alignnone\" src=\"https:\/\/assoplan9.com\/wp-content\/uploads\/2018\/01\/La-chose-perdue-1024x571.jpg\" alt=\"\" width=\"800\" height=\"446\" srcset=\"https:\/\/assoplan9.com\/wp-content\/uploads\/2018\/01\/La-chose-perdue-1024x571.jpg 1024w, https:\/\/assoplan9.com\/wp-content\/uploads\/2018\/01\/La-chose-perdue-300x167.jpg 300w, https:\/\/assoplan9.com\/wp-content\/uploads\/2018\/01\/La-chose-perdue-768x428.jpg 768w, https:\/\/assoplan9.com\/wp-content\/uploads\/2018\/01\/La-chose-perdue-800x445.jpg 800w, https:\/\/assoplan9.com\/wp-content\/uploads\/2018\/01\/La-chose-perdue.jpg 1361w\" sizes=\"auto, (max-width: 800px) 100vw, 800px\" \/><\/p>\n<p><strong>La chose perdue de Andrew Ruhemann et Shaun Tan, Australie, 2011, 15mn<\/strong><br \/>\nUn gar\u00e7on trouve une cr\u00e9ature sur la plage et d\u00e9cide de lui trouver un foyer dans un monde o\u00f9 les hommes consid\u00e8rent qu\u2019il y a des choses bien plus importantes.<\/p>\n<p>&nbsp;<\/p>\n<h6 style=\"text-align: left;\"><strong>Rabbit and deer<\/strong><\/h6>\n<p><img loading=\"lazy\" decoding=\"async\" class=\"wp-image-1541 size-large alignnone\" src=\"https:\/\/assoplan9.com\/wp-content\/uploads\/2018\/01\/rabbit_deer_1920-1024x576.jpg\" alt=\"\" width=\"800\" height=\"450\" srcset=\"https:\/\/assoplan9.com\/wp-content\/uploads\/2018\/01\/rabbit_deer_1920-1024x576.jpg 1024w, https:\/\/assoplan9.com\/wp-content\/uploads\/2018\/01\/rabbit_deer_1920-300x169.jpg 300w, https:\/\/assoplan9.com\/wp-content\/uploads\/2018\/01\/rabbit_deer_1920-768x432.jpg 768w, https:\/\/assoplan9.com\/wp-content\/uploads\/2018\/01\/rabbit_deer_1920.jpg 1920w\" sizes=\"auto, (max-width: 800px) 100vw, 800px\" \/><\/p>\n<p><strong>Rabbit and deer de P\u00e9ter V\u00e0cz, Hongrie, 2013, 16mn<\/strong><br \/>\nL\u2019amiti\u00e9 entre le cerf et le lapin est mise \u00e0 rude \u00e9preuve. La cause \u00e9tant la nouvelle obsession du cerf, trouver la formule de la troisi\u00e8me dimension.<\/p>\n<p>&nbsp;<\/p>\n<h6 style=\"text-align: left;\"><strong>Perdu ? Retrouv\u00e9 !<\/strong><\/h6>\n<p><img loading=\"lazy\" decoding=\"async\" class=\"wp-image-1540 size-large alignnone\" src=\"https:\/\/assoplan9.com\/wp-content\/uploads\/2018\/01\/perdu-retrouv\u00e9-1024x698.jpg\" alt=\"\" width=\"800\" height=\"545\" srcset=\"https:\/\/assoplan9.com\/wp-content\/uploads\/2018\/01\/perdu-retrouv\u00e9-1024x698.jpg 1024w, https:\/\/assoplan9.com\/wp-content\/uploads\/2018\/01\/perdu-retrouv\u00e9-300x204.jpg 300w, https:\/\/assoplan9.com\/wp-content\/uploads\/2018\/01\/perdu-retrouv\u00e9-768x523.jpg 768w, https:\/\/assoplan9.com\/wp-content\/uploads\/2018\/01\/perdu-retrouv\u00e9-130x90.jpg 130w, https:\/\/assoplan9.com\/wp-content\/uploads\/2018\/01\/perdu-retrouv\u00e9.jpg 1415w\" sizes=\"auto, (max-width: 800px) 100vw, 800px\" \/><\/p>\n<p><strong>Perdu ? Retrouv\u00e9 ! de Philip Hunt, Grande-Bretagne, 2008, 25mn<\/strong><br \/>\nUn petit pingouin perdu dans l\u2019immensit\u00e9 d\u2019une ville qu\u2019il ne connait pas, trouve de l\u2019aide aupr\u00e8s d\u2019un petit gar\u00e7on. Son d\u00e9sir le plus profond, trouver le chemin pour retourner chez lui, au P\u00f4le Nord.<\/p>\n","protected":false},"excerpt":{"rendered":"<p>La cr\u00e9ation \u00ab\u00a0Et si le ciel \u00e9tait vert\u00a0\u00bb se structure autour de 3 courts-m\u00e9trages d&rsquo;animation modernes. Ces oeuvres, riche sur le plan esth\u00e9tique et sc\u00e9naristique, sont mises en valeur par la musique et par le jeu des musiciens\/acteurs de ce cin\u00e9-spectacle. Les films ont \u00e9t\u00e9 s\u00e9lectionn\u00e9s par la programmatrice de Plan 9, Elen Bernard. &nbsp; [&hellip;]<\/p>\n","protected":false},"author":1,"featured_media":1570,"comment_status":"closed","ping_status":"open","sticky":false,"template":"","format":"standard","meta":{"_exactmetrics_skip_tracking":false,"_exactmetrics_sitenote_active":false,"_exactmetrics_sitenote_note":"","_exactmetrics_sitenote_category":0,"ngg_post_thumbnail":0,"footnotes":""},"categories":[79,1],"tags":[92,91],"class_list":["post-1538","post","type-post","status-publish","format-standard","has-post-thumbnail","hentry","category-a-la-une","category-plan9","tag-et-si-le-ciel-etait-vert","tag-les-creations"],"_links":{"self":[{"href":"https:\/\/assoplan9.com\/index.php?rest_route=\/wp\/v2\/posts\/1538","targetHints":{"allow":["GET"]}}],"collection":[{"href":"https:\/\/assoplan9.com\/index.php?rest_route=\/wp\/v2\/posts"}],"about":[{"href":"https:\/\/assoplan9.com\/index.php?rest_route=\/wp\/v2\/types\/post"}],"author":[{"embeddable":true,"href":"https:\/\/assoplan9.com\/index.php?rest_route=\/wp\/v2\/users\/1"}],"replies":[{"embeddable":true,"href":"https:\/\/assoplan9.com\/index.php?rest_route=%2Fwp%2Fv2%2Fcomments&post=1538"}],"version-history":[{"count":14,"href":"https:\/\/assoplan9.com\/index.php?rest_route=\/wp\/v2\/posts\/1538\/revisions"}],"predecessor-version":[{"id":2266,"href":"https:\/\/assoplan9.com\/index.php?rest_route=\/wp\/v2\/posts\/1538\/revisions\/2266"}],"wp:featuredmedia":[{"embeddable":true,"href":"https:\/\/assoplan9.com\/index.php?rest_route=\/wp\/v2\/media\/1570"}],"wp:attachment":[{"href":"https:\/\/assoplan9.com\/index.php?rest_route=%2Fwp%2Fv2%2Fmedia&parent=1538"}],"wp:term":[{"taxonomy":"category","embeddable":true,"href":"https:\/\/assoplan9.com\/index.php?rest_route=%2Fwp%2Fv2%2Fcategories&post=1538"},{"taxonomy":"post_tag","embeddable":true,"href":"https:\/\/assoplan9.com\/index.php?rest_route=%2Fwp%2Fv2%2Ftags&post=1538"}],"curies":[{"name":"wp","href":"https:\/\/api.w.org\/{rel}","templated":true}]}}