{"id":1543,"date":"2018-03-03T16:40:21","date_gmt":"2018-03-03T15:40:21","guid":{"rendered":"http:\/\/assoplan9.com\/?p=1543"},"modified":"2022-01-21T10:52:39","modified_gmt":"2022-01-21T09:52:39","slug":"la-creation","status":"publish","type":"post","link":"https:\/\/assoplan9.com\/?p=1543","title":{"rendered":"La cr\u00e9ation"},"content":{"rendered":"<p><iframe loading=\"lazy\" src=\"https:\/\/www.youtube.com\/embed\/Fs9LyuXnokA\" allowfullscreen=\"allowfullscreen\" width=\"1200\" height=\"600\" frameborder=\"0\"><\/iframe><\/p>\n<p style=\"text-align: justify;\">&nbsp;<\/p>\n<hr>\n<h6 style=\"text-align: left;\"><strong>Cr\u00e9ation 2018<br \/>\n<\/strong><\/h6>\n<p style=\"text-align: justify;\"><em><img loading=\"lazy\" decoding=\"async\" class=\"alignright wp-image-1572\" src=\"https:\/\/assoplan9.com\/wp-content\/uploads\/2018\/03\/Affiche-Ciel-vert-sans-date-web-683x1024.jpg\" alt=\"\" width=\"420\" height=\"630\" srcset=\"https:\/\/assoplan9.com\/wp-content\/uploads\/2018\/03\/Affiche-Ciel-vert-sans-date-web-683x1024.jpg 683w, https:\/\/assoplan9.com\/wp-content\/uploads\/2018\/03\/Affiche-Ciel-vert-sans-date-web-200x300.jpg 200w, https:\/\/assoplan9.com\/wp-content\/uploads\/2018\/03\/Affiche-Ciel-vert-sans-date-web-768x1152.jpg 768w, https:\/\/assoplan9.com\/wp-content\/uploads\/2018\/03\/Affiche-Ciel-vert-sans-date-web.jpg 794w\" sizes=\"auto, (max-width: 420px) 100vw, 420px\" \/>\u00ab\u00a0Et si le ciel \u00e9tait vert\u00a0\u00bb, le nouveau cin\u00e9 spectacle de Plan 9, propose un voyage en quatre dimensions, un plongeon dans l&rsquo;imaginaire par la musique, la lumi\u00e8re, le jeu, l&rsquo;image anim\u00e9e. La repr\u00e9sentation est compos\u00e9e de trois films d&rsquo;animation et de trois minis courts-m\u00e9trages en prise de vues r\u00e9elles originaux r\u00e9alis\u00e9s par Plan 9, servant de transition entre les diff\u00e9rents moments du spectacle. Et si le ciel \u00e9tait vert est surtout anim\u00e9 par la musique. Trois musiciens sont sur sc\u00e8ne pour faire vivre les images, pour apporter de la profondeur au r\u00e9cit visuel.<\/em><\/p>\n<p style=\"text-align: justify;\">Certes esth\u00e9tique, mais avant tout p\u00e9dagogique, la cr\u00e9ation a pour th\u00e8me centrale la diff\u00e9rence.\u00catre diff\u00e9rent. En quoi cela consiste ? Quelle signification ? Avantage ou inconv\u00e9nient ? La d\u00e9couverte de la diff\u00e9rence, de sa propre diff\u00e9rence apporte bien souvent les premi\u00e8res questions existentielles de tout \u00e0 chacun.<\/p>\n<p style=\"text-align: justify;\">Le rapport aux autres, \u00e0 l\u2019\u00e9trange, \u00e0 la diff\u00e9rence sont des th\u00e8mes fondateurs de l\u2019individu. Les enfants, en tant que vrai \u00e9ponge, absorbent et se nourrissent perp\u00e9tuellement du monde qui les entoure. C\u2019est pourquoi, il est pour nous crucial de leur faire connaitre l\u2019h\u00e9t\u00e9rog\u00e9n\u00e9it\u00e9 du monde, la mixit\u00e9 et la richesse que cela apporte.<\/p>\n<p style=\"text-align: justify;\">Les images, le cin\u00e9ma et particuli\u00e8rement le court-m\u00e9trage sont des outils visuels et narratifs parfaitement adapt\u00e9s \u00e0 notre volont\u00e9 p\u00e9dagogique. Nous avons choisi des films aux potentiels forts, sur les sujets de l\u2019amiti\u00e9, du regard de l\u2019autre, de la diff\u00e9rence. Sujets avant tout, vecteurs de richesse et de cr\u00e9ativit\u00e9. Gr\u00e2ce aux images, les \u00e9motions se mettent \u00e0 nus et permettent d\u2019enclencher un vrai dialogue avec le public.<\/p>\n<p style=\"text-align: justify;\">L\u2019image mais pas que. La musique, outil indispensable de notre cr\u00e9ation, sera le v\u00e9ritable r\u00e9v\u00e9lateur des sens. Donner du corps \u00e0 l\u2019image, r\u00e9v\u00e9ler son inventivit\u00e9 et la profondeur de son message. Nous apporterons \u00e9galement une attention particuli\u00e8re aux bruitages.<br \/>\nA cela nous ajouterons 3 courts-m\u00e9trages de 2mn, que nous aurons nous m\u00eame r\u00e9alis\u00e9s. Ses films serviront \u00e0 la fois de support narratif, mais \u00e0 la fois de processus d\u2019interaction entre les musiciens et le spectateur.<\/p>\n<p><a href=\"https:\/\/assoplan9.com\/wp-content\/uploads\/2018\/03\/Dossier-complet-Et-si-le-ciel-\u00e9tait-vert.pdf\"><strong>Dossier de pr\u00e9sentation<\/strong><\/a><\/p>\n","protected":false},"excerpt":{"rendered":"<p>&nbsp; Cr\u00e9ation 2018 \u00ab\u00a0Et si le ciel \u00e9tait vert\u00a0\u00bb, le nouveau cin\u00e9 spectacle de Plan 9, propose un voyage en quatre dimensions, un plongeon dans l&rsquo;imaginaire par la musique, la lumi\u00e8re, le jeu, l&rsquo;image anim\u00e9e. La repr\u00e9sentation est compos\u00e9e de trois films d&rsquo;animation et de trois minis courts-m\u00e9trages en prise de vues r\u00e9elles originaux r\u00e9alis\u00e9s [&hellip;]<\/p>\n","protected":false},"author":1,"featured_media":1710,"comment_status":"closed","ping_status":"open","sticky":false,"template":"","format":"standard","meta":{"_exactmetrics_skip_tracking":false,"_exactmetrics_sitenote_active":false,"_exactmetrics_sitenote_note":"","_exactmetrics_sitenote_category":0,"ngg_post_thumbnail":0,"footnotes":""},"categories":[79,1],"tags":[92,91],"class_list":["post-1543","post","type-post","status-publish","format-standard","has-post-thumbnail","hentry","category-a-la-une","category-plan9","tag-et-si-le-ciel-etait-vert","tag-les-creations"],"_links":{"self":[{"href":"https:\/\/assoplan9.com\/index.php?rest_route=\/wp\/v2\/posts\/1543","targetHints":{"allow":["GET"]}}],"collection":[{"href":"https:\/\/assoplan9.com\/index.php?rest_route=\/wp\/v2\/posts"}],"about":[{"href":"https:\/\/assoplan9.com\/index.php?rest_route=\/wp\/v2\/types\/post"}],"author":[{"embeddable":true,"href":"https:\/\/assoplan9.com\/index.php?rest_route=\/wp\/v2\/users\/1"}],"replies":[{"embeddable":true,"href":"https:\/\/assoplan9.com\/index.php?rest_route=%2Fwp%2Fv2%2Fcomments&post=1543"}],"version-history":[{"count":13,"href":"https:\/\/assoplan9.com\/index.php?rest_route=\/wp\/v2\/posts\/1543\/revisions"}],"predecessor-version":[{"id":2611,"href":"https:\/\/assoplan9.com\/index.php?rest_route=\/wp\/v2\/posts\/1543\/revisions\/2611"}],"wp:featuredmedia":[{"embeddable":true,"href":"https:\/\/assoplan9.com\/index.php?rest_route=\/wp\/v2\/media\/1710"}],"wp:attachment":[{"href":"https:\/\/assoplan9.com\/index.php?rest_route=%2Fwp%2Fv2%2Fmedia&parent=1543"}],"wp:term":[{"taxonomy":"category","embeddable":true,"href":"https:\/\/assoplan9.com\/index.php?rest_route=%2Fwp%2Fv2%2Fcategories&post=1543"},{"taxonomy":"post_tag","embeddable":true,"href":"https:\/\/assoplan9.com\/index.php?rest_route=%2Fwp%2Fv2%2Ftags&post=1543"}],"curies":[{"name":"wp","href":"https:\/\/api.w.org\/{rel}","templated":true}]}}