{"id":3026,"date":"2025-05-07T09:52:41","date_gmt":"2025-05-07T07:52:41","guid":{"rendered":"https:\/\/assoplan9.com\/?p=3026"},"modified":"2025-10-01T14:21:42","modified_gmt":"2025-10-01T12:21:42","slug":"appel-a-candidature-courts-metrages-etudiant%c2%b7es-et-lyceen%c2%b7nes","status":"publish","type":"post","link":"https:\/\/assoplan9.com\/?p=3026","title":{"rendered":"Appel \u00e0 candidature : Courts-m\u00e9trages \u00e9tudiant\u00b7es et lyc\u00e9en\u00b7nes"},"content":{"rendered":"\n<p>Pour la 30e \u00e9dition du Festival Fen\u00eatres sur courts, qui se d\u00e9roulera cette ann\u00e9e du 8 au 15 novembre,\u00a0<strong>l\u2019association Plan9 s\u2019associe une nouvelle fois \u00e0 l\u2019atheneum<\/strong>\u00a0pour proposer une cat\u00e9gorie\u00a0<strong>\u00e9tudiante<\/strong>,\u00a0afin de faire \u00e9merger de nouveaux jeunes talents. Pour faire partie de l\u2019aventure, envoyez-nous votre projet !<\/p>\n\n\n\n<p><\/p>\n\n\n\n<h3 class=\"wp-block-heading\">D\u00c9ROUL\u00c9<\/h3>\n\n\n\n<p><strong>\u00c9tape 1 :<\/strong>\u00a0Apr\u00e8s r\u00e9ception des projets, une s\u00e9lection sera faite par l\u2019\u00e9quipe, les projets retenus seront diffus\u00e9s pendant une projection publique.<\/p>\n\n\n\n<p><strong>\u00c9tape 2 :<\/strong>\u00a0Apr\u00e8s cette projection, un gagnant sera d\u00e9sign\u00e9, avec \u00e0 la cl\u00e9 :<br>&#8211; une r\u00e9compense de 500\u20ac<br>&#8211; une place dans le jury lors de la pr\u00e9sentation des courts-m\u00e9trages europ\u00e9ens du festival Fen\u00eatres sur courts \u00e9dition 2026<br>&#8211; une diffusion lors d\u2019un Cin\u00e9-club de l\u2019atheneum<\/p>\n\n\n\n<p><\/p>\n\n\n\n<h3 class=\"wp-block-heading\">CALENDRIER<\/h3>\n\n\n\n<p>&#8211; Appel \u00e0 candidature :\u00a0<strong>du 6 mai au 22 juin 2025<\/strong><br>&#8211; R\u00e9union de s\u00e9lection : courant juillet 2025<br>&#8211; Journ\u00e9e de projection : <strong>le 10 novembre 2025<\/strong><\/p>\n\n\n\n<p><\/p>\n\n\n\n<h3 class=\"wp-block-heading\">CRIT\u00c8RES DE S\u00c9LECTION<\/h3>\n\n\n\n<p>&#8211; \u00catre \u00e9tudiant\u00b7e ou lyc\u00e9en\u00b7ne et r\u00e9sider en Bourgogne-Franche-Comt\u00e9<br>&#8211; \u00eatre disponible le 10 novembre 2025<br>&#8211; proposer un court-m\u00e9trage d\u2019une dur\u00e9e de 2 \u00e0 20 minutes<\/p>\n\n\n\n<p>Sont accept\u00e9s tous les genres cin\u00e9matographiques (documentaire, fiction, animation\u2026) et tous les genres (humour, drame, horreur&#8230;)<\/p>\n\n\n\n<p>Sont exclus : <br>&#8211; Les r\u00e9alisateurs professionnalis\u00e9s et ayant d\u00e9j\u00e0 \u00e9t\u00e9 aid\u00e9s \u00e0 la production de leurs courts-m\u00e9trages par des intervenants du type CNC.<br>&#8211; Les professionnels participants d\u00e9j\u00e0 au festival Fen\u00eatres sur courts.<br>&#8211; Les courts d\u00e9j\u00e0 propos\u00e9s lors de l\u2019\u00e9dition pr\u00e9c\u00e9dente pour la cat\u00e9gorie \u00e9tudiante<br>&#8211; Les courts dont le copyright a \u00e9t\u00e9 d\u00e9pos\u00e9 \u00e0 partir de janvier 2024<\/p>\n\n\n\n<p><\/p>\n\n\n\n<h3 class=\"wp-block-heading\">DOSSIER DE CANDIDATURE<\/h3>\n\n\n\n<p>Chaque r\u00e9alisateur doit envoyer :<\/p>\n\n\n\n<ul class=\"wp-block-list\">\n<li>Un fichier vid\u00e9o de qualit\u00e9 (version qui n\u2019est pas obligatoirement d\u00e9finitive mais repr\u00e9sentative du propos et de l\u2019esprit du court).<\/li>\n<\/ul>\n\n\n\n<ul class=\"wp-block-list\">\n<li>Un texte de quelques lignes pr\u00e9cisant le projet artistique et les objectifs de d\u00e9veloppement, accompagn\u00e9 \u00e9ventuellement d\u2019une courte bio.<\/li>\n<\/ul>\n\n\n\n<ul class=\"wp-block-list\">\n<li>Un visuel HD repr\u00e9sentatif du court m\u00e9trage.<\/li>\n<\/ul>\n\n\n\n<p><strong>Envoi des candidatures avant le 22 juin 2025, par mail uniquement, avec pour objet \u00ab Candidature Fen\u00eatres sur courts 2025 \u00bb, \u00e0 : atheneum@u-bourgogne.fr<\/strong><\/p>\n","protected":false},"excerpt":{"rendered":"<p>Pour la 30e \u00e9dition du Festival Fen\u00eatres sur courts, qui se d\u00e9roulera cette ann\u00e9e du 8 au 15 novembre,\u00a0l\u2019association Plan9 s\u2019associe une nouvelle fois \u00e0 l\u2019atheneum\u00a0pour proposer une cat\u00e9gorie\u00a0\u00e9tudiante,\u00a0afin de faire \u00e9merger de nouveaux jeunes talents. Pour faire partie de l\u2019aventure, envoyez-nous votre projet ! D\u00c9ROUL\u00c9 \u00c9tape 1 :\u00a0Apr\u00e8s r\u00e9ception des projets, une s\u00e9lection sera [&hellip;]<\/p>\n","protected":false},"author":1,"featured_media":3027,"comment_status":"closed","ping_status":"open","sticky":false,"template":"","format":"standard","meta":{"_exactmetrics_skip_tracking":false,"_exactmetrics_sitenote_active":false,"_exactmetrics_sitenote_note":"","_exactmetrics_sitenote_category":0,"ngg_post_thumbnail":0,"footnotes":""},"categories":[79],"tags":[111,109,105,110],"class_list":["post-3026","post","type-post","status-publish","format-standard","has-post-thumbnail","hentry","category-a-la-une","tag-candidature","tag-etudiant","tag-fenetres-sur-courts-2025","tag-lyceen"],"_links":{"self":[{"href":"https:\/\/assoplan9.com\/index.php?rest_route=\/wp\/v2\/posts\/3026","targetHints":{"allow":["GET"]}}],"collection":[{"href":"https:\/\/assoplan9.com\/index.php?rest_route=\/wp\/v2\/posts"}],"about":[{"href":"https:\/\/assoplan9.com\/index.php?rest_route=\/wp\/v2\/types\/post"}],"author":[{"embeddable":true,"href":"https:\/\/assoplan9.com\/index.php?rest_route=\/wp\/v2\/users\/1"}],"replies":[{"embeddable":true,"href":"https:\/\/assoplan9.com\/index.php?rest_route=%2Fwp%2Fv2%2Fcomments&post=3026"}],"version-history":[{"count":11,"href":"https:\/\/assoplan9.com\/index.php?rest_route=\/wp\/v2\/posts\/3026\/revisions"}],"predecessor-version":[{"id":3066,"href":"https:\/\/assoplan9.com\/index.php?rest_route=\/wp\/v2\/posts\/3026\/revisions\/3066"}],"wp:featuredmedia":[{"embeddable":true,"href":"https:\/\/assoplan9.com\/index.php?rest_route=\/wp\/v2\/media\/3027"}],"wp:attachment":[{"href":"https:\/\/assoplan9.com\/index.php?rest_route=%2Fwp%2Fv2%2Fmedia&parent=3026"}],"wp:term":[{"taxonomy":"category","embeddable":true,"href":"https:\/\/assoplan9.com\/index.php?rest_route=%2Fwp%2Fv2%2Fcategories&post=3026"},{"taxonomy":"post_tag","embeddable":true,"href":"https:\/\/assoplan9.com\/index.php?rest_route=%2Fwp%2Fv2%2Ftags&post=3026"}],"curies":[{"name":"wp","href":"https:\/\/api.w.org\/{rel}","templated":true}]}}