{"id":3040,"date":"2025-05-20T14:48:34","date_gmt":"2025-05-20T12:48:34","guid":{"rendered":"https:\/\/assoplan9.com\/?p=3040"},"modified":"2026-02-19T11:08:09","modified_gmt":"2026-02-19T10:08:09","slug":"fenetres-sur-courts-2025-les-1ers-elements-de-la-30e-edition","status":"publish","type":"post","link":"https:\/\/assoplan9.com\/?p=3040","title":{"rendered":"Fen\u00eatres sur courts 2025 : les premiers \u00e9l\u00e9ments de la 30e \u00e9dition"},"content":{"rendered":"<div class=\"wp-block-image\">\n<figure class=\"alignleft size-large is-resized\"><img loading=\"lazy\" decoding=\"async\" src=\"https:\/\/assoplan9.com\/wp-content\/uploads\/2025\/05\/FSC-2025-AFFICHE-120x175-Institionnels-702x1024.png\" alt=\"\" class=\"wp-image-3042\" width=\"441\" height=\"644\" srcset=\"https:\/\/assoplan9.com\/wp-content\/uploads\/2025\/05\/FSC-2025-AFFICHE-120x175-Institionnels-702x1024.png 702w, https:\/\/assoplan9.com\/wp-content\/uploads\/2025\/05\/FSC-2025-AFFICHE-120x175-Institionnels-206x300.png 206w, https:\/\/assoplan9.com\/wp-content\/uploads\/2025\/05\/FSC-2025-AFFICHE-120x175-Institionnels-768x1120.png 768w, https:\/\/assoplan9.com\/wp-content\/uploads\/2025\/05\/FSC-2025-AFFICHE-120x175-Institionnels-1053x1536.png 1053w, https:\/\/assoplan9.com\/wp-content\/uploads\/2025\/05\/FSC-2025-AFFICHE-120x175-Institionnels-1404x2048.png 1404w\" sizes=\"auto, (max-width: 441px) 100vw, 441px\" \/><\/figure>\n<\/div>\n\n\n<p><strong>Le festival international du court-m\u00e9trage de Dijon est de retour du 8 au 15 novembre 2025 !<\/strong><\/p>\n\n\n\n<p>Pour les 30 ans de Fen\u00eatres sur courts, notre partenaire communication historique, l&rsquo;<a rel=\"noreferrer noopener\" href=\"https:\/\/www.agence-kerozen.com\/\" data-type=\"URL\" data-id=\"https:\/\/www.agence-kerozen.com\/\" target=\"_blank\">Agence Kerozen<\/a>, a imagin\u00e9 un visuel con\u00e7u pour vous donner le sourire, avec une nouvelle cr\u00e9ation plac\u00e9e sous le signe de cette \u00e9dition anniversaire : l&rsquo;humour et la com\u00e9die, comp\u00e9tition pl\u00e9biscit\u00e9e chaque ann\u00e9e par le public !<\/p>\n\n\n\n<p>Au programme de votre rendez-vous cin\u00e9 de l\u2019automne :<\/p>\n\n\n\n<p>\u2022 <strong>4 comp\u00e9titions<\/strong> : Francophone (humour &amp; com\u00e9die), Europ\u00e9enne, Internationale (zombie, horreur, gore) et R\u00e9gionale<\/p>\n\n\n\n<p>\u2022 <strong>10 programmes th\u00e9matiques hors-comp\u00e9tition<\/strong> : Minot\u2019anim\u00e9, Concours \u00e9tudiant\u00b7es et lyc\u00e9en\u00b7nes en partenariat avec l&rsquo;Atheneum, R\u00e9tro humour, R\u00e9gion \u00c9milie-Romagne, Curiosit\u00e9s cin\u00e9matographiques, Nuit de l\u2019animation<\/p>\n\n\n\n<p>\u2022 sans oublier l\u2019incontournable <strong>Cin\u00e9-Concert<\/strong> en partenariat avec la Vapeur, <strong>des rencontres et ateliers professionnels, des animations au bar du festival, des s\u00e9ances scolaires et parcours p\u00e9dagogiques<\/strong>\u2026<\/p>\n\n\n\n<p>D\u00e9tails de la programmation \u00e0 venir cet \u00e9t\u00e9 sur <a href=\"https:\/\/www.fenetres-sur-courts.com\/\" data-type=\"URL\" data-id=\"https:\/\/www.fenetres-sur-courts.com\/\" target=\"_blank\" rel=\"noreferrer noopener\">le site du festival<\/a>.<\/p>\n","protected":false},"excerpt":{"rendered":"<p>Le festival international du court-m\u00e9trage de Dijon est de retour du 8 au 15 novembre 2025 ! Pour les 30 ans de Fen\u00eatres sur courts, notre partenaire communication historique, l&rsquo;Agence Kerozen, a imagin\u00e9 un visuel con\u00e7u pour vous donner le sourire, avec une nouvelle cr\u00e9ation plac\u00e9e sous le signe de cette \u00e9dition anniversaire : l&rsquo;humour [&hellip;]<\/p>\n","protected":false},"author":1,"featured_media":3041,"comment_status":"closed","ping_status":"open","sticky":false,"template":"","format":"standard","meta":{"_exactmetrics_skip_tracking":false,"_exactmetrics_sitenote_active":false,"_exactmetrics_sitenote_note":"","_exactmetrics_sitenote_category":0,"ngg_post_thumbnail":0,"footnotes":""},"categories":[1],"tags":[101,115,105,113,112],"class_list":["post-3040","post","type-post","status-publish","format-standard","has-post-thumbnail","hentry","category-plan9","tag-101","tag-agence-kerozen","tag-fenetres-sur-courts-2025","tag-humour","tag-visuel"],"_links":{"self":[{"href":"https:\/\/assoplan9.com\/index.php?rest_route=\/wp\/v2\/posts\/3040","targetHints":{"allow":["GET"]}}],"collection":[{"href":"https:\/\/assoplan9.com\/index.php?rest_route=\/wp\/v2\/posts"}],"about":[{"href":"https:\/\/assoplan9.com\/index.php?rest_route=\/wp\/v2\/types\/post"}],"author":[{"embeddable":true,"href":"https:\/\/assoplan9.com\/index.php?rest_route=\/wp\/v2\/users\/1"}],"replies":[{"embeddable":true,"href":"https:\/\/assoplan9.com\/index.php?rest_route=%2Fwp%2Fv2%2Fcomments&post=3040"}],"version-history":[{"count":10,"href":"https:\/\/assoplan9.com\/index.php?rest_route=\/wp\/v2\/posts\/3040\/revisions"}],"predecessor-version":[{"id":3072,"href":"https:\/\/assoplan9.com\/index.php?rest_route=\/wp\/v2\/posts\/3040\/revisions\/3072"}],"wp:featuredmedia":[{"embeddable":true,"href":"https:\/\/assoplan9.com\/index.php?rest_route=\/wp\/v2\/media\/3041"}],"wp:attachment":[{"href":"https:\/\/assoplan9.com\/index.php?rest_route=%2Fwp%2Fv2%2Fmedia&parent=3040"}],"wp:term":[{"taxonomy":"category","embeddable":true,"href":"https:\/\/assoplan9.com\/index.php?rest_route=%2Fwp%2Fv2%2Fcategories&post=3040"},{"taxonomy":"post_tag","embeddable":true,"href":"https:\/\/assoplan9.com\/index.php?rest_route=%2Fwp%2Fv2%2Ftags&post=3040"}],"curies":[{"name":"wp","href":"https:\/\/api.w.org\/{rel}","templated":true}]}}