{"id":3058,"date":"2025-08-05T09:52:19","date_gmt":"2025-08-05T07:52:19","guid":{"rendered":"https:\/\/assoplan9.com\/?p=3058"},"modified":"2026-02-19T11:07:57","modified_gmt":"2026-02-19T10:07:57","slug":"fenetres-sur-courts-la-programmation-est-en-ligne","status":"publish","type":"post","link":"https:\/\/assoplan9.com\/?p=3058","title":{"rendered":"Fen\u00eatres sur courts : la programmation est en ligne !"},"content":{"rendered":"\n<div class=\"wp-block-group is-nowrap is-layout-flex wp-container-core-group-is-layout-ad2f72ca wp-block-group-is-layout-flex\">\n<figure class=\"wp-block-image size-large is-resized\"><img loading=\"lazy\" decoding=\"async\" src=\"https:\/\/assoplan9.com\/wp-content\/uploads\/2025\/08\/FSC-2025-AFFICHE-120x175-Institionnels-edited.png\" alt=\"\" class=\"wp-image-3063\" width=\"508\" height=\"677\" srcset=\"https:\/\/assoplan9.com\/wp-content\/uploads\/2025\/08\/FSC-2025-AFFICHE-120x175-Institionnels-edited.png 2835w, https:\/\/assoplan9.com\/wp-content\/uploads\/2025\/08\/FSC-2025-AFFICHE-120x175-Institionnels-edited-225x300.png 225w, https:\/\/assoplan9.com\/wp-content\/uploads\/2025\/08\/FSC-2025-AFFICHE-120x175-Institionnels-edited-768x1024.png 768w, https:\/\/assoplan9.com\/wp-content\/uploads\/2025\/08\/FSC-2025-AFFICHE-120x175-Institionnels-edited-1152x1536.png 1152w, https:\/\/assoplan9.com\/wp-content\/uploads\/2025\/08\/FSC-2025-AFFICHE-120x175-Institionnels-edited-1536x2048.png 1536w\" sizes=\"auto, (max-width: 508px) 100vw, 508px\" \/><\/figure>\n\n\n\n<p>\u00c7a y est, la programmation compl\u00e8te de la 30e \u00e9dition du festival est en ligne sur le site de <strong><a rel=\"noreferrer noopener\" href=\"https:\/\/www.fenetres-sur-courts.com\/\" data-type=\"URL\" data-id=\"https:\/\/www.fenetres-sur-courts.com\/\" target=\"_blank\">Fen\u00eatres sur courts<\/a><\/strong> ! <br>Retrouvez toutes les dates, horaires et lieux de l&rsquo;ensemble de projections, ainsi que celles des \u00e9v\u00e9nements annexes (rencontres pro, animations gratuites au bar&#8230;) et toutes les informations compl\u00e9mentaires dont vous avez besoin pour assister au festival.<br><br>Programme version papier et ouverture de la billetterie fin septembre, restez connect\u00e9\u00b7es ! <\/p>\n<\/div>\n","protected":false},"excerpt":{"rendered":"<p>L&rsquo;ensemble des dates, horaires et lieu de toutes les projections de la 30e \u00e9dition du festival sont en ligne sur le site de Fen\u00eatres sur courts !<\/p>\n","protected":false},"author":1,"featured_media":3059,"comment_status":"closed","ping_status":"open","sticky":false,"template":"","format":"standard","meta":{"_exactmetrics_skip_tracking":false,"_exactmetrics_sitenote_active":false,"_exactmetrics_sitenote_note":"","_exactmetrics_sitenote_category":0,"ngg_post_thumbnail":0,"footnotes":""},"categories":[1],"tags":[],"class_list":["post-3058","post","type-post","status-publish","format-standard","has-post-thumbnail","hentry","category-plan9"],"_links":{"self":[{"href":"https:\/\/assoplan9.com\/index.php?rest_route=\/wp\/v2\/posts\/3058","targetHints":{"allow":["GET"]}}],"collection":[{"href":"https:\/\/assoplan9.com\/index.php?rest_route=\/wp\/v2\/posts"}],"about":[{"href":"https:\/\/assoplan9.com\/index.php?rest_route=\/wp\/v2\/types\/post"}],"author":[{"embeddable":true,"href":"https:\/\/assoplan9.com\/index.php?rest_route=\/wp\/v2\/users\/1"}],"replies":[{"embeddable":true,"href":"https:\/\/assoplan9.com\/index.php?rest_route=%2Fwp%2Fv2%2Fcomments&post=3058"}],"version-history":[{"count":5,"href":"https:\/\/assoplan9.com\/index.php?rest_route=\/wp\/v2\/posts\/3058\/revisions"}],"predecessor-version":[{"id":3071,"href":"https:\/\/assoplan9.com\/index.php?rest_route=\/wp\/v2\/posts\/3058\/revisions\/3071"}],"wp:featuredmedia":[{"embeddable":true,"href":"https:\/\/assoplan9.com\/index.php?rest_route=\/wp\/v2\/media\/3059"}],"wp:attachment":[{"href":"https:\/\/assoplan9.com\/index.php?rest_route=%2Fwp%2Fv2%2Fmedia&parent=3058"}],"wp:term":[{"taxonomy":"category","embeddable":true,"href":"https:\/\/assoplan9.com\/index.php?rest_route=%2Fwp%2Fv2%2Fcategories&post=3058"},{"taxonomy":"post_tag","embeddable":true,"href":"https:\/\/assoplan9.com\/index.php?rest_route=%2Fwp%2Fv2%2Ftags&post=3058"}],"curies":[{"name":"wp","href":"https:\/\/api.w.org\/{rel}","templated":true}]}}